{"id":87,"date":"2020-10-13T17:59:34","date_gmt":"2020-10-13T15:59:34","guid":{"rendered":"http:\/\/kathrin-gessel.de\/?p=87"},"modified":"2020-10-13T20:56:51","modified_gmt":"2020-10-13T18:56:51","slug":"dankeschoen","status":"publish","type":"post","link":"http:\/\/kathrin-gessel.de\/?p=87","title":{"rendered":"Dankesch\u00f6n!"},"content":{"rendered":"\n<p>Ich m\u00f6chte mich hiermit an Sie wenden, um meine Freude und meinen tiefsten Dank auszusprechen. <\/p>\n\n\n\n<p>Das geht an Sie, liebe W\u00e4hlerinnen und W\u00e4hler, die mir Ihr Vertrauen und Ihre W\u00fcnsche auf den Weg gegeben haben. Durch euch ist es mir nun m\u00f6glich, in den n\u00e4chsten Jahren in dieser Gemeinde etwas zu bewirken. <\/p>\n\n\n\n<p>Meinen Dank richtet sich vor allem aber auch an meine Familie, die Vielzahl an Helfern\/-innen und alle Unterst\u00fctzer\/-innen, welche mir die letzten Monate mit Rat und Engagement zur Seite standen und in jedweder Form geholfen haben, um unsere gemeinsamen Ziele nun verwirklichen zu k\u00f6nnen. <\/p>\n\n\n\n<p>In Zusammenarbeit mit den ans\u00e4ssigen Vereinen, Unternehmen und Verb\u00e4nden m\u00f6chte ich nun die Ideen und Visionen der B\u00fcrgerinnen und B\u00fcrger f\u00fcr die Zukunft unserer Gemeinde angehen und umsetzen.<\/p>\n\n\n\n<p>Mit freundlichen Gr\u00fc\u00dfen,<\/p>\n\n\n\n<p>Ihre Kathrin Gessel<\/p>\n","protected":false},"excerpt":{"rendered":"<p>Ich m\u00f6chte mich hiermit an Sie wenden, um meine Freude und meinen tiefsten Dank auszusprechen. Das geht an Sie, liebe W\u00e4hlerinnen und W\u00e4hler, die mir Ihr Vertrauen und Ihre W\u00fcnsche auf den Weg gegeben haben. Durch euch ist es mir nun m\u00f6glich, in den n\u00e4chsten Jahren in dieser Gemeinde etwas zu bewirken. Meinen Dank richtet sich vor allem aber auch an meine Familie, die Vielzahl an Helfern\/-innen und alle Unterst\u00fctzer\/-innen, welche mir die letzten Monate mit Rat und Engagement zur Seite standen und in jedweder Form geholfen haben, um unsere gemeinsamen Ziele nun verwirklichen zu k\u00f6nnen. In Zusammenarbeit mit den ans\u00e4ssigen Vereinen, Unternehmen und Verb\u00e4nden m\u00f6chte ich nun die Ideen und Visionen der B\u00fcrgerinnen und B\u00fcrger f\u00fcr die Zukunft unserer Gemeinde angehen und umsetzen. Mit freundlichen Gr\u00fc\u00dfen, Ihre Kathrin Gessel<\/p>\n","protected":false},"author":1,"featured_media":0,"comment_status":"open","ping_status":"open","sticky":false,"template":"","format":"standard","meta":[],"categories":[3],"tags":[],"_links":{"self":[{"href":"http:\/\/kathrin-gessel.de\/index.php?rest_route=\/wp\/v2\/posts\/87"}],"collection":[{"href":"http:\/\/kathrin-gessel.de\/index.php?rest_route=\/wp\/v2\/posts"}],"about":[{"href":"http:\/\/kathrin-gessel.de\/index.php?rest_route=\/wp\/v2\/types\/post"}],"author":[{"embeddable":true,"href":"http:\/\/kathrin-gessel.de\/index.php?rest_route=\/wp\/v2\/users\/1"}],"replies":[{"embeddable":true,"href":"http:\/\/kathrin-gessel.de\/index.php?rest_route=%2Fwp%2Fv2%2Fcomments&post=87"}],"version-history":[{"count":4,"href":"http:\/\/kathrin-gessel.de\/index.php?rest_route=\/wp\/v2\/posts\/87\/revisions"}],"predecessor-version":[{"id":91,"href":"http:\/\/kathrin-gessel.de\/index.php?rest_route=\/wp\/v2\/posts\/87\/revisions\/91"}],"wp:attachment":[{"href":"http:\/\/kathrin-gessel.de\/index.php?rest_route=%2Fwp%2Fv2%2Fmedia&parent=87"}],"wp:term":[{"taxonomy":"category","embeddable":true,"href":"http:\/\/kathrin-gessel.de\/index.php?rest_route=%2Fwp%2Fv2%2Fcategories&post=87"},{"taxonomy":"post_tag","embeddable":true,"href":"http:\/\/kathrin-gessel.de\/index.php?rest_route=%2Fwp%2Fv2%2Ftags&post=87"}],"curies":[{"name":"wp","href":"https:\/\/api.w.org\/{rel}","templated":true}]}}