{"id":82,"date":"2020-09-03T17:46:09","date_gmt":"2020-09-03T15:46:09","guid":{"rendered":"http:\/\/kathrin-gessel.de\/?p=82"},"modified":"2020-09-03T17:46:09","modified_gmt":"2020-09-03T15:46:09","slug":"eine-familienfreundliche-lebenswerte-gemeinde-weiterentwickeln","status":"publish","type":"post","link":"http:\/\/kathrin-gessel.de\/?p=82","title":{"rendered":"Eine Familienfreundliche &#038; Lebenswerte Gemeinde weiterentwickeln"},"content":{"rendered":"\n<p>Neue Baugrundst\u00fccke erschlie\u00dfen, vorhandene Freifl\u00e4chen durch das Fl\u00e4chennutzungskonzept in Bauland umwidmen, damit auch neue Einwohner anlocken und wieder steigende Einwohnerzahlen anstreben &#8230; <\/p>\n\n\n\n<p>F\u00fcr Seniorenbetreuung mit Betreibern intensiv ins Gespr\u00e4ch kommen und eine \u00f6rtliche Betreuung organisieren &#8230;<\/p>\n\n\n\n<p>Die \u00e4rztliche Versorgung gew\u00e4hrleisten &#8230; <\/p>\n\n\n\n<p>Gemeinsam mit dem Eigent\u00fcmer unseres Einkaufzentrums neue Gewerbetreibenden suchen und ein Nutzungskonzept erarbeiten &#8230;<\/p>\n\n\n\n<p>Das m\u00f6chte ich f\u00fcr Sie verwirklichen!<\/p>\n","protected":false},"excerpt":{"rendered":"<p>Neue Baugrundst\u00fccke erschlie\u00dfen, vorhandene Freifl\u00e4chen durch das Fl\u00e4chennutzungskonzept in Bauland umwidmen, damit auch neue Einwohner anlocken und wieder steigende Einwohnerzahlen anstreben &#8230; F\u00fcr Seniorenbetreuung mit Betreibern intensiv ins Gespr\u00e4ch kommen und eine \u00f6rtliche Betreuung organisieren &#8230; Die \u00e4rztliche Versorgung gew\u00e4hrleisten &#8230; Gemeinsam mit dem Eigent\u00fcmer unseres Einkaufzentrums neue Gewerbetreibenden suchen und ein Nutzungskonzept erarbeiten &#8230; Das m\u00f6chte ich f\u00fcr Sie verwirklichen!<\/p>\n","protected":false},"author":1,"featured_media":0,"comment_status":"open","ping_status":"open","sticky":false,"template":"","format":"standard","meta":[],"categories":[1],"tags":[],"_links":{"self":[{"href":"http:\/\/kathrin-gessel.de\/index.php?rest_route=\/wp\/v2\/posts\/82"}],"collection":[{"href":"http:\/\/kathrin-gessel.de\/index.php?rest_route=\/wp\/v2\/posts"}],"about":[{"href":"http:\/\/kathrin-gessel.de\/index.php?rest_route=\/wp\/v2\/types\/post"}],"author":[{"embeddable":true,"href":"http:\/\/kathrin-gessel.de\/index.php?rest_route=\/wp\/v2\/users\/1"}],"replies":[{"embeddable":true,"href":"http:\/\/kathrin-gessel.de\/index.php?rest_route=%2Fwp%2Fv2%2Fcomments&post=82"}],"version-history":[{"count":2,"href":"http:\/\/kathrin-gessel.de\/index.php?rest_route=\/wp\/v2\/posts\/82\/revisions"}],"predecessor-version":[{"id":84,"href":"http:\/\/kathrin-gessel.de\/index.php?rest_route=\/wp\/v2\/posts\/82\/revisions\/84"}],"wp:attachment":[{"href":"http:\/\/kathrin-gessel.de\/index.php?rest_route=%2Fwp%2Fv2%2Fmedia&parent=82"}],"wp:term":[{"taxonomy":"category","embeddable":true,"href":"http:\/\/kathrin-gessel.de\/index.php?rest_route=%2Fwp%2Fv2%2Fcategories&post=82"},{"taxonomy":"post_tag","embeddable":true,"href":"http:\/\/kathrin-gessel.de\/index.php?rest_route=%2Fwp%2Fv2%2Ftags&post=82"}],"curies":[{"name":"wp","href":"https:\/\/api.w.org\/{rel}","templated":true}]}}